{"id":57722,"date":"2026-09-04T15:41:38","date_gmt":"2026-09-04T21:41:38","guid":{"rendered":"https:\/\/www.tileletter.com\/15-publicaciones-de-referencia-abordaran-temas-clave-que-marcan-el-mundo-del-diseno-y-la-arquitectura-durante-los-press-cafes-de-cersaie-2026\/"},"modified":"2026-09-04T15:42:09","modified_gmt":"2026-09-04T21:42:09","slug":"15-publicaciones-de-referencia-abordaran-temas-clave-que-marcan-el-mundo-del-diseno-y-la-arquitectura-durante-los-press-cafes-de-cersaie-2026","status":"publish","type":"post","link":"https:\/\/www.tileletter.com\/es\/15-publicaciones-de-referencia-abordaran-temas-clave-que-marcan-el-mundo-del-diseno-y-la-arquitectura-durante-los-press-cafes-de-cersaie-2026\/","title":{"rendered":"15 publicaciones de referencia abordar\u00e1n temas clave que marcan el mundo del dise\u00f1o y la arquitectura durante los \u00abPress Caf\u00e9s\u00bb de Cersaie 2026"},"content":{"rendered":"\n<p class=\"wp-block-paragraph\">Una serie de charlas informales sobre temas de actualidad en el mundo del dise\u00f1o y la arquitectura son el eje central de los \u00abPress Caf\u00e9s\u00bb de Cersaie de este a\u00f1o. La 11.\u00aa edici\u00f3n se dedicar\u00e1, cada uno de los cinco d\u00edas, a un tema concreto:   <\/p>\n\n<ul class=\"wp-block-list\">\n<li>Lugares de dise\u00f1o como expresi\u00f3n de funcionalidad y est\u00e9tica el lunes<\/li>\n\n\n\n<li>Espacios de ocio los martes<\/li>\n\n\n\n<li>El concepto en constante evoluci\u00f3n de la vida en casa, este mi\u00e9rcoles<\/li>\n\n\n\n<li>Espacios de hosteler\u00eda el jueves; proyectos e intervenciones urban\u00edsticas el viernes<\/li>\n<\/ul>\n\n<p class=\"wp-block-paragraph\">Del 21 al 25 de septiembre se celebrar\u00e1n un total de 15 \u00abPress Caf\u00e9s\u00bb en el Mall 29\/30. Organizadas en colaboraci\u00f3n con las principales editoriales italianas, las charlas abordar\u00e1n los temas m\u00e1s actuales del mundo de los azulejos cer\u00e1micos, el mobiliario de ba\u00f1o, el dise\u00f1o, la arquitectura y el urbanismo. <\/p>\n\n<p class=\"wp-block-paragraph\">Las revistas que participan en la edici\u00f3n de este a\u00f1o son: AD, CasaFacile, CIL \u2013 Costruire in Laterizio, Chiesa Oggi, DDN, Domus, Door, Elle Decor Italia, Il Bagno Oggi e Domani, IoArch, Marie Claire Maison, Matrix4Design, Suite, Top Yacht Design y Wellness Design.<\/p>\n\n<p class=\"wp-block-paragraph\">Las reuniones se celebrar\u00e1n todos los d\u00edas a las 10:30, a mediod\u00eda y a las 15:00 en el recinto de conferencias espec\u00edfico situado dentro de la Media Village (Agor\u00e0 dei Media), la zona m\u00e1s cercana a la entrada norte del Recinto Ferial de Bolonia. Los eventos tambi\u00e9n se retransmitir\u00e1n en directo en la p\u00e1gina web de Cersaie y en las p\u00e1ginas web de las editoriales participantes. <\/p>\n\n<p class=\"wp-block-paragraph\">El programa completo del evento, que forma parte del calendario oficial de actividades de Cersaie, est\u00e1 disponible en <a href=\"http:\/\/www.cersaie.it\/\" target=\"_blank\" rel=\"noreferrer noopener\">www.cersaie.it<\/a>, en las redes sociales de la feria, en la prensa nacional, por todo el recinto ferial y en la Gu\u00eda del visitante de Cersaie.<\/p>\n\n<hr class=\"wp-block-separator has-alpha-channel-opacity\"\/>\n\n<p class=\"wp-block-paragraph\"><strong>Sobre Cersaie<\/strong><\/p>\n\n<p class=\"wp-block-paragraph\"><a href=\"https:\/\/www.cersaie.it\/en\/s_salone.php\">Cersaie<\/a> es el evento internacional m\u00e1s importante para los dise\u00f1adores de revestimientos cer\u00e1micos y otros revestimientos de superficies, as\u00ed como de mobiliario de ba\u00f1o. La feria est\u00e1 promovida por Confindustria Ceramica en colaboraci\u00f3n con Bolognafiere spa<strong>, y organizada <\/strong>por Edi.Cer. spa \u2013 Soc. Unipersonale. El equipo cuenta con una amplia experiencia en la gesti\u00f3n de ferias internacionales y organiza exposiciones, eventos y talleres con mucho esmero, porque creen que una feria internacional tambi\u00e9n debe ser una oportunidad de crecimiento profesional.    <\/p>\n","protected":false},"excerpt":{"rendered":"<p>Una serie de charlas informales sobre temas de actualidad en el mundo del dise\u00f1o y la arquitectura son el eje central de los \u00abPress Caf\u00e9s\u00bb de Cersaie de este a\u00f1o. La 11.\u00aa edici\u00f3n se dedicar\u00e1, cada uno de los cinco d\u00edas, a un tema concreto: Del 21 al 25 de septiembre se celebrar\u00e1n un total [&hellip;]<\/p>\n","protected":false},"author":6,"featured_media":57723,"comment_status":"closed","ping_status":"closed","sticky":false,"template":"","format":"standard","meta":{"footnotes":""},"categories":[1668],"tags":[1784],"class_list":["post-57722","post","type-post","status-publish","format-standard","has-post-thumbnail","category-noticias","tag-cersaie"],"yoast_head":"<!-- This site is optimized with the Yoast SEO Premium plugin v28.4 (Yoast SEO v28.4) - https:\/\/yoast.com\/product\/yoast-seo-premium-wordpress\/ -->\n<title>15 publicaciones de referencia abordar\u00e1n temas clave que marcan el mundo del dise\u00f1o y la arquitectura durante los \u00abPress Caf\u00e9s\u00bb de Cersaie 2026 - TileLetter<\/title>\n<meta name=\"description\" content=\"Una serie de charlas informales sobre temas de actualidad en el mundo del dise\u00f1o y la arquitectura constituyen el eje central de los \u00abPress Caf\u00e9s\u00bb de Cersaie de este a\u00f1o, y cada uno de los cinco d\u00edas estar\u00e1 dedicado a un tema concreto.\" \/>\n<meta name=\"robots\" content=\"index, follow, max-snippet:-1, max-image-preview:large, max-video-preview:-1\" \/>\n<link rel=\"canonical\" href=\"https:\/\/www.tileletter.com\/es\/15-publicaciones-de-referencia-abordaran-temas-clave-que-marcan-el-mundo-del-diseno-y-la-arquitectura-durante-los-press-cafes-de-cersaie-2026\/\" \/>\n<meta property=\"og:locale\" content=\"es_ES\" \/>\n<meta property=\"og:type\" content=\"article\" \/>\n<meta property=\"og:title\" content=\"15 publicaciones de referencia abordar\u00e1n temas clave que marcan el mundo del dise\u00f1o y la arquitectura durante los \u00abPress Caf\u00e9s\u00bb de Cersaie 2026\" \/>\n<meta property=\"og:description\" content=\"Una serie de charlas informales sobre temas de actualidad en el mundo del dise\u00f1o y la arquitectura constituyen el eje central de los \u00abPress Caf\u00e9s\u00bb de Cersaie de este a\u00f1o, y cada uno de los cinco d\u00edas estar\u00e1 dedicado a un tema concreto.\" \/>\n<meta property=\"og:url\" content=\"https:\/\/www.tileletter.com\/es\/15-publicaciones-de-referencia-abordaran-temas-clave-que-marcan-el-mundo-del-diseno-y-la-arquitectura-durante-los-press-cafes-de-cersaie-2026\/\" \/>\n<meta property=\"og:site_name\" content=\"TileLetter\" \/>\n<meta property=\"article:publisher\" content=\"https:\/\/www.facebook.com\/TileLetterMagazine\/\" \/>\n<meta property=\"article:published_time\" content=\"2026-09-04T21:41:38+00:00\" \/>\n<meta property=\"article:modified_time\" content=\"2026-09-04T21:42:09+00:00\" \/>\n<meta property=\"og:image\" content=\"https:\/\/www.tileletter.com\/wp-content\/uploads\/2026\/09\/Talk-bubbles_AdobeStock_1463002730.jpg\" \/>\n\t<meta property=\"og:image:width\" content=\"650\" \/>\n\t<meta property=\"og:image:height\" content=\"355\" \/>\n\t<meta property=\"og:image:type\" content=\"image\/jpeg\" \/>\n<meta name=\"author\" content=\"TileLetter\" \/>\n<meta name=\"twitter:card\" content=\"summary_large_image\" \/>\n<meta name=\"twitter:creator\" content=\"@tileletter\" \/>\n<meta name=\"twitter:site\" content=\"@tileletter\" \/>\n<meta name=\"twitter:label1\" content=\"Escrito por\" \/>\n\t<meta name=\"twitter:data1\" content=\"TileLetter\" \/>\n\t<meta name=\"twitter:label2\" content=\"Tiempo de lectura\" \/>\n\t<meta name=\"twitter:data2\" content=\"2 minutos\" \/>\n<script type=\"application\/ld+json\" class=\"yoast-schema-graph\">{\"@context\":\"https:\\\/\\\/schema.org\",\"@graph\":[{\"@type\":\"Article\",\"@id\":\"https:\\\/\\\/www.tileletter.com\\\/es\\\/15-publicaciones-de-referencia-abordaran-temas-clave-que-marcan-el-mundo-del-diseno-y-la-arquitectura-durante-los-press-cafes-de-cersaie-2026\\\/#article\",\"isPartOf\":{\"@id\":\"https:\\\/\\\/www.tileletter.com\\\/es\\\/15-publicaciones-de-referencia-abordaran-temas-clave-que-marcan-el-mundo-del-diseno-y-la-arquitectura-durante-los-press-cafes-de-cersaie-2026\\\/\"},\"author\":{\"name\":\"TileLetter\",\"@id\":\"https:\\\/\\\/www.tileletter.com\\\/es\\\/#\\\/schema\\\/person\\\/9a6154c9cea08c8274084c5e4cccd1dc\"},\"headline\":\"15 publicaciones de referencia abordar\u00e1n temas clave que marcan el mundo del dise\u00f1o y la arquitectura durante los \u00abPress Caf\u00e9s\u00bb de Cersaie 2026\",\"datePublished\":\"2026-09-04T21:41:38+00:00\",\"dateModified\":\"2026-09-04T21:42:09+00:00\",\"mainEntityOfPage\":{\"@id\":\"https:\\\/\\\/www.tileletter.com\\\/es\\\/15-publicaciones-de-referencia-abordaran-temas-clave-que-marcan-el-mundo-del-diseno-y-la-arquitectura-durante-los-press-cafes-de-cersaie-2026\\\/\"},\"wordCount\":426,\"publisher\":{\"@id\":\"https:\\\/\\\/www.tileletter.com\\\/es\\\/#organization\"},\"image\":{\"@id\":\"https:\\\/\\\/www.tileletter.com\\\/es\\\/15-publicaciones-de-referencia-abordaran-temas-clave-que-marcan-el-mundo-del-diseno-y-la-arquitectura-durante-los-press-cafes-de-cersaie-2026\\\/#primaryimage\"},\"thumbnailUrl\":\"https:\\\/\\\/www.tileletter.com\\\/wp-content\\\/uploads\\\/2026\\\/09\\\/Talk-bubbles_AdobeStock_1463002730.jpg\",\"keywords\":[\"Cersaie\"],\"articleSection\":[\"Noticias\"],\"inLanguage\":\"es\"},{\"@type\":\"WebPage\",\"@id\":\"https:\\\/\\\/www.tileletter.com\\\/es\\\/15-publicaciones-de-referencia-abordaran-temas-clave-que-marcan-el-mundo-del-diseno-y-la-arquitectura-durante-los-press-cafes-de-cersaie-2026\\\/\",\"url\":\"https:\\\/\\\/www.tileletter.com\\\/es\\\/15-publicaciones-de-referencia-abordaran-temas-clave-que-marcan-el-mundo-del-diseno-y-la-arquitectura-durante-los-press-cafes-de-cersaie-2026\\\/\",\"name\":\"15 publicaciones de referencia abordar\u00e1n temas clave que marcan el mundo del dise\u00f1o y la arquitectura durante los \u00abPress Caf\u00e9s\u00bb de Cersaie 2026 - TileLetter\",\"isPartOf\":{\"@id\":\"https:\\\/\\\/www.tileletter.com\\\/es\\\/#website\"},\"primaryImageOfPage\":{\"@id\":\"https:\\\/\\\/www.tileletter.com\\\/es\\\/15-publicaciones-de-referencia-abordaran-temas-clave-que-marcan-el-mundo-del-diseno-y-la-arquitectura-durante-los-press-cafes-de-cersaie-2026\\\/#primaryimage\"},\"image\":{\"@id\":\"https:\\\/\\\/www.tileletter.com\\\/es\\\/15-publicaciones-de-referencia-abordaran-temas-clave-que-marcan-el-mundo-del-diseno-y-la-arquitectura-durante-los-press-cafes-de-cersaie-2026\\\/#primaryimage\"},\"thumbnailUrl\":\"https:\\\/\\\/www.tileletter.com\\\/wp-content\\\/uploads\\\/2026\\\/09\\\/Talk-bubbles_AdobeStock_1463002730.jpg\",\"datePublished\":\"2026-09-04T21:41:38+00:00\",\"dateModified\":\"2026-09-04T21:42:09+00:00\",\"description\":\"Una serie de charlas informales sobre temas de actualidad en el mundo del dise\u00f1o y la arquitectura constituyen el eje central de los \u00abPress Caf\u00e9s\u00bb de Cersaie de este a\u00f1o, y cada uno de los cinco d\u00edas estar\u00e1 dedicado a un tema concreto.\",\"breadcrumb\":{\"@id\":\"https:\\\/\\\/www.tileletter.com\\\/es\\\/15-publicaciones-de-referencia-abordaran-temas-clave-que-marcan-el-mundo-del-diseno-y-la-arquitectura-durante-los-press-cafes-de-cersaie-2026\\\/#breadcrumb\"},\"inLanguage\":\"es\",\"potentialAction\":[{\"@type\":\"ReadAction\",\"target\":[\"https:\\\/\\\/www.tileletter.com\\\/es\\\/15-publicaciones-de-referencia-abordaran-temas-clave-que-marcan-el-mundo-del-diseno-y-la-arquitectura-durante-los-press-cafes-de-cersaie-2026\\\/\"]}]},{\"@type\":\"ImageObject\",\"inLanguage\":\"es\",\"@id\":\"https:\\\/\\\/www.tileletter.com\\\/es\\\/15-publicaciones-de-referencia-abordaran-temas-clave-que-marcan-el-mundo-del-diseno-y-la-arquitectura-durante-los-press-cafes-de-cersaie-2026\\\/#primaryimage\",\"url\":\"https:\\\/\\\/www.tileletter.com\\\/wp-content\\\/uploads\\\/2026\\\/09\\\/Talk-bubbles_AdobeStock_1463002730.jpg\",\"contentUrl\":\"https:\\\/\\\/www.tileletter.com\\\/wp-content\\\/uploads\\\/2026\\\/09\\\/Talk-bubbles_AdobeStock_1463002730.jpg\",\"width\":650,\"height\":355},{\"@type\":\"BreadcrumbList\",\"@id\":\"https:\\\/\\\/www.tileletter.com\\\/es\\\/15-publicaciones-de-referencia-abordaran-temas-clave-que-marcan-el-mundo-del-diseno-y-la-arquitectura-durante-los-press-cafes-de-cersaie-2026\\\/#breadcrumb\",\"itemListElement\":[{\"@type\":\"ListItem\",\"position\":1,\"name\":\"Home\",\"item\":\"https:\\\/\\\/www.tileletter.com\\\/es\\\/tileletter-la-revista-lider-del-sector-de-la-colocacion-de-azulejos\\\/\"},{\"@type\":\"ListItem\",\"position\":2,\"name\":\"15 publicaciones de referencia abordar\u00e1n temas clave que marcan el mundo del dise\u00f1o y la arquitectura durante los \u00abPress Caf\u00e9s\u00bb de Cersaie 2026\"}]},{\"@type\":\"WebSite\",\"@id\":\"https:\\\/\\\/www.tileletter.com\\\/es\\\/#website\",\"url\":\"https:\\\/\\\/www.tileletter.com\\\/es\\\/\",\"name\":\"TileLetter\",\"description\":\"The industry&#039;s leading tile installation magazine\",\"publisher\":{\"@id\":\"https:\\\/\\\/www.tileletter.com\\\/es\\\/#organization\"},\"potentialAction\":[{\"@type\":\"SearchAction\",\"target\":{\"@type\":\"EntryPoint\",\"urlTemplate\":\"https:\\\/\\\/www.tileletter.com\\\/es\\\/?s={search_term_string}\"},\"query-input\":{\"@type\":\"PropertyValueSpecification\",\"valueRequired\":true,\"valueName\":\"search_term_string\"}}],\"inLanguage\":\"es\"},{\"@type\":\"Organization\",\"@id\":\"https:\\\/\\\/www.tileletter.com\\\/es\\\/#organization\",\"name\":\"TileLetter Magazine\",\"url\":\"https:\\\/\\\/www.tileletter.com\\\/es\\\/\",\"logo\":{\"@type\":\"ImageObject\",\"inLanguage\":\"es\",\"@id\":\"https:\\\/\\\/www.tileletter.com\\\/es\\\/#\\\/schema\\\/logo\\\/image\\\/\",\"url\":\"https:\\\/\\\/www.tileletter.com\\\/wp-content\\\/uploads\\\/2020\\\/06\\\/TileLetter-black_large.png\",\"contentUrl\":\"https:\\\/\\\/www.tileletter.com\\\/wp-content\\\/uploads\\\/2020\\\/06\\\/TileLetter-black_large.png\",\"width\":1401,\"height\":272,\"caption\":\"TileLetter Magazine\"},\"image\":{\"@id\":\"https:\\\/\\\/www.tileletter.com\\\/es\\\/#\\\/schema\\\/logo\\\/image\\\/\"},\"sameAs\":[\"https:\\\/\\\/www.facebook.com\\\/TileLetterMagazine\\\/\",\"https:\\\/\\\/x.com\\\/tileletter\",\"https:\\\/\\\/www.instagram.com\\\/tileletter\\\/\",\"https:\\\/\\\/www.linkedin.com\\\/showcase\\\/tile-letter\\\/\",\"https:\\\/\\\/www.youtube.com\\\/channel\\\/UClX8UET5gio13a3_A2QNvqg\"]},{\"@type\":\"Person\",\"@id\":\"https:\\\/\\\/www.tileletter.com\\\/es\\\/#\\\/schema\\\/person\\\/9a6154c9cea08c8274084c5e4cccd1dc\",\"name\":\"TileLetter\",\"image\":{\"@type\":\"ImageObject\",\"inLanguage\":\"es\",\"@id\":\"https:\\\/\\\/tileletter-media.s3.us-east-2.amazonaws.com\\\/wp-content\\\/uploads\\\/2020\\\/12\\\/15130737\\\/TileLetter-black_letters.jpg\",\"url\":\"https:\\\/\\\/tileletter-media.s3.us-east-2.amazonaws.com\\\/wp-content\\\/uploads\\\/2020\\\/12\\\/15130737\\\/TileLetter-black_letters.jpg\",\"contentUrl\":\"https:\\\/\\\/tileletter-media.s3.us-east-2.amazonaws.com\\\/wp-content\\\/uploads\\\/2020\\\/12\\\/15130737\\\/TileLetter-black_letters.jpg\",\"caption\":\"TileLetter\"},\"url\":\"https:\\\/\\\/www.tileletter.com\\\/es\\\/author\\\/tileletter\\\/\"}]}<\/script>\n<!-- \/ Yoast SEO Premium plugin. -->","yoast_head_json":{"title":"15 publicaciones de referencia abordar\u00e1n temas clave que marcan el mundo del dise\u00f1o y la arquitectura durante los \u00abPress Caf\u00e9s\u00bb de Cersaie 2026 - TileLetter","description":"Una serie de charlas informales sobre temas de actualidad en el mundo del dise\u00f1o y la arquitectura constituyen el eje central de los \u00abPress Caf\u00e9s\u00bb de Cersaie de este a\u00f1o, y cada uno de los cinco d\u00edas estar\u00e1 dedicado a un tema concreto.","robots":{"index":"index","follow":"follow","max-snippet":"max-snippet:-1","max-image-preview":"max-image-preview:large","max-video-preview":"max-video-preview:-1"},"canonical":"https:\/\/www.tileletter.com\/es\/15-publicaciones-de-referencia-abordaran-temas-clave-que-marcan-el-mundo-del-diseno-y-la-arquitectura-durante-los-press-cafes-de-cersaie-2026\/","og_locale":"es_ES","og_type":"article","og_title":"15 publicaciones de referencia abordar\u00e1n temas clave que marcan el mundo del dise\u00f1o y la arquitectura durante los \u00abPress Caf\u00e9s\u00bb de Cersaie 2026","og_description":"Una serie de charlas informales sobre temas de actualidad en el mundo del dise\u00f1o y la arquitectura constituyen el eje central de los \u00abPress Caf\u00e9s\u00bb de Cersaie de este a\u00f1o, y cada uno de los cinco d\u00edas estar\u00e1 dedicado a un tema concreto.","og_url":"https:\/\/www.tileletter.com\/es\/15-publicaciones-de-referencia-abordaran-temas-clave-que-marcan-el-mundo-del-diseno-y-la-arquitectura-durante-los-press-cafes-de-cersaie-2026\/","og_site_name":"TileLetter","article_publisher":"https:\/\/www.facebook.com\/TileLetterMagazine\/","article_published_time":"2026-09-04T21:41:38+00:00","article_modified_time":"2026-09-04T21:42:09+00:00","og_image":[{"width":650,"height":355,"url":"https:\/\/www.tileletter.com\/wp-content\/uploads\/2026\/09\/Talk-bubbles_AdobeStock_1463002730.jpg","type":"image\/jpeg"}],"author":"TileLetter","twitter_card":"summary_large_image","twitter_creator":"@tileletter","twitter_site":"@tileletter","twitter_misc":{"Escrito por":"TileLetter","Tiempo de lectura":"2 minutos"},"schema":{"@context":"https:\/\/schema.org","@graph":[{"@type":"Article","@id":"https:\/\/www.tileletter.com\/es\/15-publicaciones-de-referencia-abordaran-temas-clave-que-marcan-el-mundo-del-diseno-y-la-arquitectura-durante-los-press-cafes-de-cersaie-2026\/#article","isPartOf":{"@id":"https:\/\/www.tileletter.com\/es\/15-publicaciones-de-referencia-abordaran-temas-clave-que-marcan-el-mundo-del-diseno-y-la-arquitectura-durante-los-press-cafes-de-cersaie-2026\/"},"author":{"name":"TileLetter","@id":"https:\/\/www.tileletter.com\/es\/#\/schema\/person\/9a6154c9cea08c8274084c5e4cccd1dc"},"headline":"15 publicaciones de referencia abordar\u00e1n temas clave que marcan el mundo del dise\u00f1o y la arquitectura durante los \u00abPress Caf\u00e9s\u00bb de Cersaie 2026","datePublished":"2026-09-04T21:41:38+00:00","dateModified":"2026-09-04T21:42:09+00:00","mainEntityOfPage":{"@id":"https:\/\/www.tileletter.com\/es\/15-publicaciones-de-referencia-abordaran-temas-clave-que-marcan-el-mundo-del-diseno-y-la-arquitectura-durante-los-press-cafes-de-cersaie-2026\/"},"wordCount":426,"publisher":{"@id":"https:\/\/www.tileletter.com\/es\/#organization"},"image":{"@id":"https:\/\/www.tileletter.com\/es\/15-publicaciones-de-referencia-abordaran-temas-clave-que-marcan-el-mundo-del-diseno-y-la-arquitectura-durante-los-press-cafes-de-cersaie-2026\/#primaryimage"},"thumbnailUrl":"https:\/\/www.tileletter.com\/wp-content\/uploads\/2026\/09\/Talk-bubbles_AdobeStock_1463002730.jpg","keywords":["Cersaie"],"articleSection":["Noticias"],"inLanguage":"es"},{"@type":"WebPage","@id":"https:\/\/www.tileletter.com\/es\/15-publicaciones-de-referencia-abordaran-temas-clave-que-marcan-el-mundo-del-diseno-y-la-arquitectura-durante-los-press-cafes-de-cersaie-2026\/","url":"https:\/\/www.tileletter.com\/es\/15-publicaciones-de-referencia-abordaran-temas-clave-que-marcan-el-mundo-del-diseno-y-la-arquitectura-durante-los-press-cafes-de-cersaie-2026\/","name":"15 publicaciones de referencia abordar\u00e1n temas clave que marcan el mundo del dise\u00f1o y la arquitectura durante los \u00abPress Caf\u00e9s\u00bb de Cersaie 2026 - TileLetter","isPartOf":{"@id":"https:\/\/www.tileletter.com\/es\/#website"},"primaryImageOfPage":{"@id":"https:\/\/www.tileletter.com\/es\/15-publicaciones-de-referencia-abordaran-temas-clave-que-marcan-el-mundo-del-diseno-y-la-arquitectura-durante-los-press-cafes-de-cersaie-2026\/#primaryimage"},"image":{"@id":"https:\/\/www.tileletter.com\/es\/15-publicaciones-de-referencia-abordaran-temas-clave-que-marcan-el-mundo-del-diseno-y-la-arquitectura-durante-los-press-cafes-de-cersaie-2026\/#primaryimage"},"thumbnailUrl":"https:\/\/www.tileletter.com\/wp-content\/uploads\/2026\/09\/Talk-bubbles_AdobeStock_1463002730.jpg","datePublished":"2026-09-04T21:41:38+00:00","dateModified":"2026-09-04T21:42:09+00:00","description":"Una serie de charlas informales sobre temas de actualidad en el mundo del dise\u00f1o y la arquitectura constituyen el eje central de los \u00abPress Caf\u00e9s\u00bb de Cersaie de este a\u00f1o, y cada uno de los cinco d\u00edas estar\u00e1 dedicado a un tema concreto.","breadcrumb":{"@id":"https:\/\/www.tileletter.com\/es\/15-publicaciones-de-referencia-abordaran-temas-clave-que-marcan-el-mundo-del-diseno-y-la-arquitectura-durante-los-press-cafes-de-cersaie-2026\/#breadcrumb"},"inLanguage":"es","potentialAction":[{"@type":"ReadAction","target":["https:\/\/www.tileletter.com\/es\/15-publicaciones-de-referencia-abordaran-temas-clave-que-marcan-el-mundo-del-diseno-y-la-arquitectura-durante-los-press-cafes-de-cersaie-2026\/"]}]},{"@type":"ImageObject","inLanguage":"es","@id":"https:\/\/www.tileletter.com\/es\/15-publicaciones-de-referencia-abordaran-temas-clave-que-marcan-el-mundo-del-diseno-y-la-arquitectura-durante-los-press-cafes-de-cersaie-2026\/#primaryimage","url":"https:\/\/www.tileletter.com\/wp-content\/uploads\/2026\/09\/Talk-bubbles_AdobeStock_1463002730.jpg","contentUrl":"https:\/\/www.tileletter.com\/wp-content\/uploads\/2026\/09\/Talk-bubbles_AdobeStock_1463002730.jpg","width":650,"height":355},{"@type":"BreadcrumbList","@id":"https:\/\/www.tileletter.com\/es\/15-publicaciones-de-referencia-abordaran-temas-clave-que-marcan-el-mundo-del-diseno-y-la-arquitectura-durante-los-press-cafes-de-cersaie-2026\/#breadcrumb","itemListElement":[{"@type":"ListItem","position":1,"name":"Home","item":"https:\/\/www.tileletter.com\/es\/tileletter-la-revista-lider-del-sector-de-la-colocacion-de-azulejos\/"},{"@type":"ListItem","position":2,"name":"15 publicaciones de referencia abordar\u00e1n temas clave que marcan el mundo del dise\u00f1o y la arquitectura durante los \u00abPress Caf\u00e9s\u00bb de Cersaie 2026"}]},{"@type":"WebSite","@id":"https:\/\/www.tileletter.com\/es\/#website","url":"https:\/\/www.tileletter.com\/es\/","name":"TileLetter","description":"The industry&#039;s leading tile installation magazine","publisher":{"@id":"https:\/\/www.tileletter.com\/es\/#organization"},"potentialAction":[{"@type":"SearchAction","target":{"@type":"EntryPoint","urlTemplate":"https:\/\/www.tileletter.com\/es\/?s={search_term_string}"},"query-input":{"@type":"PropertyValueSpecification","valueRequired":true,"valueName":"search_term_string"}}],"inLanguage":"es"},{"@type":"Organization","@id":"https:\/\/www.tileletter.com\/es\/#organization","name":"TileLetter Magazine","url":"https:\/\/www.tileletter.com\/es\/","logo":{"@type":"ImageObject","inLanguage":"es","@id":"https:\/\/www.tileletter.com\/es\/#\/schema\/logo\/image\/","url":"https:\/\/www.tileletter.com\/wp-content\/uploads\/2020\/06\/TileLetter-black_large.png","contentUrl":"https:\/\/www.tileletter.com\/wp-content\/uploads\/2020\/06\/TileLetter-black_large.png","width":1401,"height":272,"caption":"TileLetter Magazine"},"image":{"@id":"https:\/\/www.tileletter.com\/es\/#\/schema\/logo\/image\/"},"sameAs":["https:\/\/www.facebook.com\/TileLetterMagazine\/","https:\/\/x.com\/tileletter","https:\/\/www.instagram.com\/tileletter\/","https:\/\/www.linkedin.com\/showcase\/tile-letter\/","https:\/\/www.youtube.com\/channel\/UClX8UET5gio13a3_A2QNvqg"]},{"@type":"Person","@id":"https:\/\/www.tileletter.com\/es\/#\/schema\/person\/9a6154c9cea08c8274084c5e4cccd1dc","name":"TileLetter","image":{"@type":"ImageObject","inLanguage":"es","@id":"https:\/\/tileletter-media.s3.us-east-2.amazonaws.com\/wp-content\/uploads\/2020\/12\/15130737\/TileLetter-black_letters.jpg","url":"https:\/\/tileletter-media.s3.us-east-2.amazonaws.com\/wp-content\/uploads\/2020\/12\/15130737\/TileLetter-black_letters.jpg","contentUrl":"https:\/\/tileletter-media.s3.us-east-2.amazonaws.com\/wp-content\/uploads\/2020\/12\/15130737\/TileLetter-black_letters.jpg","caption":"TileLetter"},"url":"https:\/\/www.tileletter.com\/es\/author\/tileletter\/"}]}},"_links":{"self":[{"href":"https:\/\/www.tileletter.com\/es\/wp-json\/wp\/v2\/posts\/57722","targetHints":{"allow":["GET"]}}],"collection":[{"href":"https:\/\/www.tileletter.com\/es\/wp-json\/wp\/v2\/posts"}],"about":[{"href":"https:\/\/www.tileletter.com\/es\/wp-json\/wp\/v2\/types\/post"}],"author":[{"embeddable":true,"href":"https:\/\/www.tileletter.com\/es\/wp-json\/wp\/v2\/users\/6"}],"replies":[{"embeddable":true,"href":"https:\/\/www.tileletter.com\/es\/wp-json\/wp\/v2\/comments?post=57722"}],"version-history":[{"count":1,"href":"https:\/\/www.tileletter.com\/es\/wp-json\/wp\/v2\/posts\/57722\/revisions"}],"predecessor-version":[{"id":57724,"href":"https:\/\/www.tileletter.com\/es\/wp-json\/wp\/v2\/posts\/57722\/revisions\/57724"}],"wp:featuredmedia":[{"embeddable":true,"href":"https:\/\/www.tileletter.com\/es\/wp-json\/wp\/v2\/media\/57723"}],"wp:attachment":[{"href":"https:\/\/www.tileletter.com\/es\/wp-json\/wp\/v2\/media?parent=57722"}],"wp:term":[{"taxonomy":"category","embeddable":true,"href":"https:\/\/www.tileletter.com\/es\/wp-json\/wp\/v2\/categories?post=57722"},{"taxonomy":"post_tag","embeddable":true,"href":"https:\/\/www.tileletter.com\/es\/wp-json\/wp\/v2\/tags?post=57722"}],"curies":[{"name":"wp","href":"https:\/\/api.w.org\/{rel}","templated":true}]}}